{"id":2397,"date":"2001-06-30T11:22:36","date_gmt":"2001-06-30T09:22:36","guid":{"rendered":"http:\/\/www.dcia.it\/iq1bp\/?p=2397"},"modified":"2020-07-08T11:27:08","modified_gmt":"2020-07-08T09:27:08","slug":"i0khp","status":"publish","type":"post","link":"https:\/\/www.dcia.it\/iq1bp\/i0khp\/","title":{"rendered":"I0KHP"},"content":{"rendered":"\n<p class=\"wp-block-paragraph\"><strong>Patrizio Ciancarini<\/strong><strong>, SK 08\/04\/2012<\/strong><\/p>\n\n\n\n<h2 class=\"wp-block-heading\"><strong>I0KHP<\/strong><\/h2>\n\n\n\n<h4 class=\"wp-block-heading\">DIPLOMA numero 20 del 30\/06\/2001<\/h4>\n\n\n\n<p class=\"wp-block-paragraph\">Meeting del 26 maggio 2002 a Cori &#8211; Rosa e I0KHP<\/p>\n\n\n\n<figure class=\"wp-block-image size-large\"><img decoding=\"async\" width=\"640\" height=\"418\" data-src=\"https:\/\/www.dcia.it\/iq1bp\/wp-content\/uploads\/2020\/07\/I0KHP_2002-05-26_Cori-Rosa.jpg\" alt=\"\" class=\"wp-image-2398 lazyload\" data-srcset=\"https:\/\/www.dcia.it\/iq1bp\/wp-content\/uploads\/2020\/07\/I0KHP_2002-05-26_Cori-Rosa.jpg 640w, https:\/\/www.dcia.it\/iq1bp\/wp-content\/uploads\/2020\/07\/I0KHP_2002-05-26_Cori-Rosa-300x196.jpg 300w\" data-sizes=\"(max-width: 640px) 100vw, 640px\" src=\"data:image\/svg+xml;base64,PHN2ZyB3aWR0aD0iMSIgaGVpZ2h0PSIxIiB4bWxucz0iaHR0cDovL3d3dy53My5vcmcvMjAwMC9zdmciPjwvc3ZnPg==\" style=\"--smush-placeholder-width: 640px; --smush-placeholder-aspect-ratio: 640\/418;\" \/><\/figure>\n\n\n\n<p class=\"wp-block-paragraph\">L&#8217;amico Patrizio ci ha improvvisamente lasciati. La notizia \u00e8 arrivata come un fulmine nella stessa giornata di festa di Pasqua lasciandoci addolorati. Noi tutti ci aspettavamo una pronta ripresa dai sopragiunti problemi di salute grazie all&#8217;eccezionale forza di volont\u00e0 di Patrizio, forza ancora maggiore derivata dal desiderio di partecipare ad un evento molto importante per lui: la giornata Marconiana che si sarebbe svolta dopo pochi giorni qui in citt\u00e0.<\/p>\n\n\n\n<p class=\"wp-block-paragraph\">Il suo amore per la radio lo port\u00f2 infatti a dedicarsi allo studio della vita e delle opere di Guglielmo Marconi: ebbe modo di trovare testimonianze, notizie e documenti spesso inediti sulla presenza e sulle scoperte nel comprensorio di Civitavecchia del grande inventore.<\/p>\n\n\n\n<p class=\"wp-block-paragraph\">Fu proprio Patrizio che oltre venti anni fa port\u00f2 qui l&#8217;International Marconi Day e fece riscoprire a tutto il mondo Civitavecchia come sito Marconiano. E poi come non ricordare la straordinaria giornata Marconiana del 2000 da lui stesso organizzata.<\/p>\n\n\n\n<p class=\"wp-block-paragraph\">E&#8217; stato un radiomatore molto attivo in HF in tutte le bande e in parecchi modi di emissione, in contest, anniversari della storia, sia da casa che in portatile ad attivare referenze di castelli e isole. Socio ARI dal 1976.<\/p>\n\n\n\n<p class=\"wp-block-paragraph\">Ora Patrizio \u00e8 salito in Paradiso, da li ci ascolter\u00e0 di sicuro. Per noi, che abbiamo avuto la fortuna di conoscerlo nel fare radio insieme, sar\u00e0 di sicuro insieme a Guglielmo Marconi e Giuseppe Biagi a discutere di antenne filari e valvole termoioniche.<\/p>\n\n\n\n<p class=\"wp-block-paragraph\">Ciao Patrizio, Gentiluomo della Radio, grazie per tutto quello che hai fatto per noi.<\/p>\n\n\n\n<p class=\"wp-block-paragraph\">73<em>&nbsp;&nbsp;&nbsp; ._._.&nbsp;&nbsp;&nbsp; &#8230;_._<\/em><\/p>\n\n\n\n<hr class=\"wp-block-separator\"\/>\n\n\n\n<p class=\"wp-block-paragraph\">inserito da: IK0XCC, Stefano &#8211; 17 aprile 2012<\/p>\n\n\n\n<p class=\"wp-block-paragraph\">tratto da http:\/\/digilander.libero.it\/aricv\/archivio\/2012\/i0khp.htm<\/p>\n<p>Views: 12<\/p>","protected":false},"excerpt":{"rendered":"<p>Patrizio Ciancarini, SK 08\/04\/2012 I0KHP DIPLOMA numero 20 del 30\/06\/2001 Meeting del 26 maggio 2002 a Cori &#8211; Rosa e I0KHP L&#8217;amico Patrizio ci ha improvvisamente lasciati. La notizia \u00e8 arrivata come un fulmine nella stessa giornata di festa di Pasqua lasciandoci addolorati. Noi tutti ci aspettavamo una pronta ripresa dai sopragiunti problemi di salute [&hellip;]<\/p>\n","protected":false},"author":2,"featured_media":2398,"comment_status":"open","ping_status":"closed","sticky":false,"template":"","format":"standard","meta":{"footnotes":""},"categories":[17],"tags":[],"class_list":["post-2397","post","type-post","status-publish","format-standard","has-post-thumbnail","hentry","category-amici-della-sezione-da-ricordare"],"_links":{"self":[{"href":"https:\/\/www.dcia.it\/iq1bp\/wp-json\/wp\/v2\/posts\/2397","targetHints":{"allow":["GET"]}}],"collection":[{"href":"https:\/\/www.dcia.it\/iq1bp\/wp-json\/wp\/v2\/posts"}],"about":[{"href":"https:\/\/www.dcia.it\/iq1bp\/wp-json\/wp\/v2\/types\/post"}],"author":[{"embeddable":true,"href":"https:\/\/www.dcia.it\/iq1bp\/wp-json\/wp\/v2\/users\/2"}],"replies":[{"embeddable":true,"href":"https:\/\/www.dcia.it\/iq1bp\/wp-json\/wp\/v2\/comments?post=2397"}],"version-history":[{"count":1,"href":"https:\/\/www.dcia.it\/iq1bp\/wp-json\/wp\/v2\/posts\/2397\/revisions"}],"predecessor-version":[{"id":2399,"href":"https:\/\/www.dcia.it\/iq1bp\/wp-json\/wp\/v2\/posts\/2397\/revisions\/2399"}],"wp:featuredmedia":[{"embeddable":true,"href":"https:\/\/www.dcia.it\/iq1bp\/wp-json\/wp\/v2\/media\/2398"}],"wp:attachment":[{"href":"https:\/\/www.dcia.it\/iq1bp\/wp-json\/wp\/v2\/media?parent=2397"}],"wp:term":[{"taxonomy":"category","embeddable":true,"href":"https:\/\/www.dcia.it\/iq1bp\/wp-json\/wp\/v2\/categories?post=2397"},{"taxonomy":"post_tag","embeddable":true,"href":"https:\/\/www.dcia.it\/iq1bp\/wp-json\/wp\/v2\/tags?post=2397"}],"curies":[{"name":"wp","href":"https:\/\/api.w.org\/{rel}","templated":true}]}}